{"id":9613,"date":"2022-10-19T06:00:00","date_gmt":"2022-10-19T12:00:00","guid":{"rendered":"https:\/\/mysticphoto.ca\/?p=9613"},"modified":"2022-10-19T11:11:36","modified_gmt":"2022-10-19T17:11:36","slug":"take-heart","status":"publish","type":"post","link":"https:\/\/mysticphoto.ca\/?p=9613","title":{"rendered":"Take Heart"},"content":{"rendered":"\n<h3 class=\"wp-block-heading\"><strong>Wednesday, October 19, 2022<\/strong><\/h3>\n\n\n\n<figure class=\"wp-block-image size-full\"><img loading=\"lazy\" decoding=\"async\" width=\"1008\" height=\"490\" src=\"https:\/\/mysticphoto.ca\/wp-content\/uploads\/2022\/10\/19.20221015_102430_resized.jpg\" alt=\"\" class=\"wp-image-9614\" srcset=\"https:\/\/mysticphoto.ca\/wp-content\/uploads\/2022\/10\/19.20221015_102430_resized.jpg 1008w, https:\/\/mysticphoto.ca\/wp-content\/uploads\/2022\/10\/19.20221015_102430_resized-300x146.jpg 300w, https:\/\/mysticphoto.ca\/wp-content\/uploads\/2022\/10\/19.20221015_102430_resized-768x373.jpg 768w\" sizes=\"auto, (max-width: 709px) 85vw, (max-width: 909px) 67vw, (max-width: 1362px) 62vw, 840px\" \/><\/figure>\n\n\n\n<p class=\"has-text-align-center\"><em>Despite The Darkness Of Our Blindness,<\/em><\/p>\n\n\n\n<p class=\"has-text-align-center\"><em>The Bright Light Of Christ Shines<\/em><\/p>\n\n\n\n<p class=\"has-text-align-right\"><em>Everywhere.<\/em><\/p>\n\n\n\n<p><strong>Psalms 38:<\/strong><strong>21-22<\/strong><\/p>\n\n\n\n<p><em>Do not forsake me, O Lord; O my God, do not be far from me; make haste to help me, O Lord, my salvation.<\/em><\/p>\n\n\n\n<p><strong>Mark 10:48-49<\/strong><\/p>\n\n\n\n<p><em>Many sternly ordered him to be quiet, but he cried out even more loudly, \u2018Son of David, have mercy on me!\u2019 Jesus stood still and said, \u2018Call him here.\u2019 And they called the blind man, saying to him, \u2018Take heart; get up, he is calling you.\u2019<\/em><\/p>\n\n\n\n<p><strong>Words of Grace For Today<\/strong><\/p>\n\n\n\n<p><em>Niklaus von Fl\u00fce, Bruder Klaus ist bekannt in der ganzen Schweiz. Als Ratsherr war er im 15. Jahrhundert sehr gesch\u00e4tzt. Sp\u00e4ter wurde er Einsiedler und Mystiker.<\/em><\/p>\n\n\n\n<p><em>Niklaus von Fl\u00fce, brother Klaus is known throughout Switzerland. As a councilman, he was highly valued in the 15th century. Later he became a hermit and mystic.<\/em><\/p>\n\n\n\n<p>That\u2019s the short introduction ZDF provided to the worship service broadcast this past Sunday from St. Peter\u2019s in Zurich.<\/p>\n\n\n\n<p>St Bruder Klaus began his prayer, Mein Herr und Mein Gott, My Lord and My God. It has been used as the theme for a hymn popular in Switzerland.<\/p>\n\n\n\n<p>As Pastor Cornelia Camichel Bomeis recounted in her sermon she visited with a faithful woman who said she refused to sing that hymn. The 90 year old explained that <em>it was a dishonourable thing that Bruder Klaus did when he upped and left his wife and their 10 children, the youngest not yet a year old. He may have been named a saint, but it should have been his wife, who raised the ten children on her own.<\/em> Mind you she was not destitute since Klaus was wealthy man.<\/p>\n\n\n\n<p>Born into a wealthy family Klaus was a farmer, military leader, member of the assembly, councillor, judge and mystic-hermit.<\/p>\n\n\n\n<p>Pastor Bomeis explained that she could only celebrate Bruder Klaus after she heard a note about Klaus\u2019 circumstances that explained his departure from his wife and their ten children. Serving as a soldier he came home injured as we know today in an invisible way that manifest itself later. He suffered PTSD.<\/p>\n\n\n\n<p>From this injury God brought forth a man of visions and wisdom who was sought out (in his hermitage) by people and leaders from around Europe.<\/p>\n\n\n\n<p>We can say as Klaus did: <em>Do not forsake me, O Lord; O my God, do not be far from me; make haste to help me, O Lord, my salvation.<\/em><\/p>\n\n\n\n<p>No matter our circumstance we can take heart because Christ is calling us, each morning, noon, and night; calling us to leave behind our blindness, injuries, and scars and follow Christ\u2019s voice. There is a wonderful world to see, even more wonderful if one is so gifted to see God each day in all that is.<\/p>\n","protected":false},"excerpt":{"rendered":"<p>Wednesday, October 19, 2022 Despite The Darkness Of Our Blindness, The Bright Light Of Christ Shines Everywhere. Psalms 38:21-22 Do not forsake me, O Lord; O my God, do not be far from me; make haste to help me, O Lord, my salvation. Mark 10:48-49 Many sternly ordered him to be quiet, but he cried &hellip; <a href=\"https:\/\/mysticphoto.ca\/?p=9613\" class=\"more-link\">Continue reading<span class=\"screen-reader-text\"> &#8220;Take Heart&#8221;<\/span><\/a><\/p>\n","protected":false},"author":1,"featured_media":0,"comment_status":"closed","ping_status":"","sticky":false,"template":"","format":"standard","meta":{"footnotes":""},"categories":[83,57,4,18,23,34],"tags":[],"class_list":["post-9613","post","type-post","status-publish","format-standard","hentry","category-dark-and-light","category-daylight","category-fall","category-grace","category-lake","category-sacramental-mystic"],"_links":{"self":[{"href":"https:\/\/mysticphoto.ca\/index.php?rest_route=\/wp\/v2\/posts\/9613","targetHints":{"allow":["GET"]}}],"collection":[{"href":"https:\/\/mysticphoto.ca\/index.php?rest_route=\/wp\/v2\/posts"}],"about":[{"href":"https:\/\/mysticphoto.ca\/index.php?rest_route=\/wp\/v2\/types\/post"}],"author":[{"embeddable":true,"href":"https:\/\/mysticphoto.ca\/index.php?rest_route=\/wp\/v2\/users\/1"}],"replies":[{"embeddable":true,"href":"https:\/\/mysticphoto.ca\/index.php?rest_route=%2Fwp%2Fv2%2Fcomments&post=9613"}],"version-history":[{"count":4,"href":"https:\/\/mysticphoto.ca\/index.php?rest_route=\/wp\/v2\/posts\/9613\/revisions"}],"predecessor-version":[{"id":9619,"href":"https:\/\/mysticphoto.ca\/index.php?rest_route=\/wp\/v2\/posts\/9613\/revisions\/9619"}],"wp:attachment":[{"href":"https:\/\/mysticphoto.ca\/index.php?rest_route=%2Fwp%2Fv2%2Fmedia&parent=9613"}],"wp:term":[{"taxonomy":"category","embeddable":true,"href":"https:\/\/mysticphoto.ca\/index.php?rest_route=%2Fwp%2Fv2%2Fcategories&post=9613"},{"taxonomy":"post_tag","embeddable":true,"href":"https:\/\/mysticphoto.ca\/index.php?rest_route=%2Fwp%2Fv2%2Ftags&post=9613"}],"curies":[{"name":"wp","href":"https:\/\/api.w.org\/{rel}","templated":true}]}}